{"id":15682,"date":"2025-10-25T11:36:04","date_gmt":"2025-10-25T11:36:04","guid":{"rendered":"https:\/\/tobeit.deideasmarketing.solutions\/?p=15682"},"modified":"2025-10-06T08:35:38","modified_gmt":"2025-10-06T08:35:38","slug":"visualitzacio-avancada-de-dades-amb-grafana-dashboards-efectius-per-a-la-teva-observabilitat","status":"publish","type":"post","link":"https:\/\/tobeit.deideasmarketing.solutions\/ca\/visualitzacio-avancada-de-dades-amb-grafana-dashboards-efectius-per-a-la-teva-observabilitat\/","title":{"rendered":"Visualitzaci\u00f3 avan\u00e7ada de dades amb Grafana: dashboards efectius per a la teva observabilitat"},"content":{"rendered":"<p>En entorns IT moderns, tenir dades no \u00e9s suficient. La clau \u00e9s com es visualitzen per permetre una interpretaci\u00f3 \u00e0gil, detectar anomalies i prendre decisions informades. Aqu\u00ed \u00e9s on entra Grafana, una de les eines m\u00e9s utilitzades per <strong>visualitzar dades en projectes d&#8217;observabilitat<\/strong> .<\/p>\n<p>En aquest article veurem com dissenyar dashboards realment \u00fatils amb <a href=\"https:\/\/tobeit.es\/grafana-software-observabilidad\/\">Grafana<\/a> , integrant-los amb eines com <a href=\"https:\/\/tobeit.es\/elasticsearch\/\">Elastic Observability<\/a> per monitoritzar logs, m\u00e8triques i traces en temps real.<\/p>\n<p><img loading=\"lazy\" decoding=\"async\" class=\"alignnone size-full wp-image-33676\" src=\"https:\/\/tobeit.es\/wp-content\/uploads\/2025\/10\/visualizacion_datos_grafana_dashboards_observabilidad_L.jpg\" alt=\"\" width=\"980\" height=\"320\" \/><\/p>\n<h2><strong>Per qu\u00e8 \u00e9s clau la visualitzaci\u00f3 a l&#8217;estrat\u00e8gia d&#8217;observabilitat?<\/strong><\/h2>\n<p>Els entorns actuals \u2013multicloud, microserveis, contenidors\u2013 generen enormes quantitats de dades que han de ser <strong>interpretades r\u00e0pidament<\/strong> per equips t\u00e8cnics. Una visualitzaci\u00f3 inefica\u00e7 pot amagar problemes cr\u00edtics i augmentar els temps de resoluci\u00f3.<\/p>\n<p>Els dashboards ben dissenyats permeten:<\/p>\n<ul>\n<li>Detectar desviacions en temps real<\/li>\n<li>Correlacionar esdeveniments entre diferents sistemes<\/li>\n<li>Compartir informaci\u00f3 clau amb perfils no t\u00e8cnics<\/li>\n<li>Prioritzar alertes segons l&#8217;impacte del negoci<\/li>\n<\/ul>\n<p>&nbsp;<\/p>\n<h2><strong>Claus per construir dashboards efectius amb Grafana<\/strong><\/h2>\n<ol>\n<li>\n<h3><strong> Defineix qu\u00e8 necessites visualitzar<\/strong><\/h3>\n<\/li>\n<\/ol>\n<p>No tots els equips requereixen la mateixa informaci\u00f3. Abans de crear un panell, a ToBeIT analitzem amb cada client quines m\u00e8triques clau (KPIs) s\u00f3n cr\u00edtiques per a la seva operativa di\u00e0ria. Aix\u00f2 evita dashboards sobrecarregats i senfoca en all\u00f2 important.<\/p>\n<p>&nbsp;<\/p>\n<ol start=\"2\">\n<li>\n<h3><strong> Fes servir una estructura clara i jer\u00e0rquica<\/strong><\/h3>\n<\/li>\n<\/ol>\n<p>Un dashboard de qualitat ha de tenir una estructura que faciliti la lectura. El recomanable \u00e9s:<\/p>\n<ul>\n<li>Panells superiors amb visi\u00f3 general (estat del sistema, disponibilitat, salut general)<\/li>\n<li>Panells intermedis amb detalls per component o servei<\/li>\n<li>Panells inferiors per a logs i traces si cal aprofundir<\/li>\n<\/ul>\n<p>&nbsp;<\/p>\n<p>La integraci\u00f3 amb <a href=\"https:\/\/tobeit.es\/elasticsearch\/\">Elastic<\/a> permet que aquesta estructura s&#8217;alimenti autom\u00e0ticament de dades processades des de m\u00faltiples fonts, sense duplicar esfor\u00e7os.<\/p>\n<p>&nbsp;<\/p>\n<ol start=\"3\">\n<li>\n<h3><strong> Tria visualitzacions que aportin claredat<\/strong><\/h3>\n<\/li>\n<\/ol>\n<p>Grafana ofereix m\u00faltiples tipus de visualitzaci\u00f3: gr\u00e0fiques de l\u00ednies, taules, heatmaps, gauges, entre d&#8217;altres. Cada tipus s&#8217;ha de fer servir segons el tipus de dada que es vol mostrar. Per exemple:<\/p>\n<ul>\n<li><strong>L\u00ednies<\/strong> : evoluci\u00f3 temporal d&#8217;una m\u00e8trica<\/li>\n<li><strong>Gauge o sem\u00e0fors<\/strong> : estat actual (percentatge d&#8217;\u00fas de CPU, disponibilitat)<\/li>\n<li><strong>Taules<\/strong> : errors, logs, registres detallats<\/li>\n<\/ul>\n<p>&nbsp;<\/p>\n<ol start=\"4\">\n<li>\n<h3><strong> Afegeix filtres i variables din\u00e0miques<\/strong><\/h3>\n<\/li>\n<\/ol>\n<p>Un dels grans avantatges de Grafana \u00e9s la possibilitat d&#8217;usar <strong>variables<\/strong> . Amb aquestes pots filtrar per entorn (producci\u00f3, pre, dev), per regi\u00f3, per aplicaci\u00f3, etc., sense duplicar dashboards. Aix\u00f2 simplifica la gesti\u00f3 i augmenta la reutilitzaci\u00f3.<\/p>\n<p>&nbsp;<\/p>\n<ol start=\"5\">\n<li>\n<h3><strong> Crea alertes visuals i condicionals<\/strong><\/h3>\n<\/li>\n<\/ol>\n<p>A m\u00e9s de mostrar dades, Grafana permet establir <strong>condicions visuals<\/strong> que ressalten anomalies: colors, icones, llindars, etc. En combinaci\u00f3 amb alertes configurades a Elastic, l&#8217;equip IT pot reaccionar <strong>proactivament<\/strong> davant de qualsevol desviament.<\/p>\n<p>&nbsp;<\/p>\n<h2><strong>Casos d\u00b4\u00fas en clients de ToBeIT<\/strong><\/h2>\n<p>A ToBeIT, implementem solucions d&#8217;observabilitat amb Grafana en sectors com ara retail, sanitat, ind\u00fastria o tecnologia. Alguns exemples:<\/p>\n<ul>\n<li>Dashboards d&#8217;experi\u00e8ncia d&#8217;usuari (UX) amb traces d&#8217;Elastic APM<\/li>\n<li>Panells de disponibilitat multicloud en entorns d&#8217;AWS i Azure<\/li>\n<li>Seguiment de processos SAP amb visualitzacions personalitzades integrades amb <a href=\"https:\/\/tobeit.es\/sap-observability-connector\/\">el nostre connector d&#8217;observabilitat SAP<\/a><\/li>\n<\/ul>\n<p>&nbsp;<\/p>\n<h2><strong>Avantatges d&#8217;integrar Grafana a la teva estrat\u00e8gia d&#8217;observabilitat<\/strong><\/h2>\n<ul>\n<li>Visualitzaci\u00f3 unificada des de m\u00faltiples fonts<\/li>\n<li>Major efici\u00e8ncia operativa<\/li>\n<li>Reducci\u00f3 del temps mitj\u00e0 de resoluci\u00f3 d&#8217;incid\u00e8ncies (MTTR)<\/li>\n<li>Millor col\u00b7laboraci\u00f3 entre perfils t\u00e8cnics i de negoci<\/li>\n<\/ul>\n<p>&nbsp;<\/p>\n<p>Vols visualitzar les teves m\u00e8triques, logs i traces de manera clara i efectiva? A <a href=\"https:\/\/tobeit.es\/grafana-software-observabilidad\/\">ToBeIT<\/a> som experts a integrar Grafana amb solucions com Elastic per obtenir observabilitat real en entorns complexos.<\/p>\n","protected":false},"excerpt":{"rendered":"<p>En entorns IT moderns, tenir dades no \u00e9s suficient. La clau \u00e9s com es visualitzen per permetre una interpretaci\u00f3 \u00e0gil, detectar anomalies i prendre decisions informades. Aqu\u00ed \u00e9s on entra Grafana, una de les eines m\u00e9s utilitzades per visualitzar dades en projectes d&#8217;observabilitat . En aquest article veurem com dissenyar dashboards realment \u00fatils amb Grafana [&hellip;]<\/p>\n","protected":false},"author":1,"featured_media":15665,"comment_status":"closed","ping_status":"closed","sticky":false,"template":"","format":"standard","meta":{"footnotes":""},"categories":[24],"tags":[],"class_list":["post-15682","post","type-post","status-publish","format-standard","has-post-thumbnail","hentry","category-sin-categoria-ca"],"yoast_head":"<!-- This site is optimized with the Yoast SEO plugin v26.0 - https:\/\/yoast.com\/wordpress\/plugins\/seo\/ -->\n<title>Visualitzaci\u00f3 avan\u00e7ada de dades amb Grafana: dashboards efectius per a la teva observabilitat - ToBeIT<\/title>\n<meta name=\"robots\" content=\"noindex, follow, max-snippet:-1, max-image-preview:large, max-video-preview:-1\" \/>\n<meta property=\"og:locale\" content=\"ca_ES\" \/>\n<meta property=\"og:type\" content=\"article\" \/>\n<meta property=\"og:title\" content=\"Visualitzaci\u00f3 avan\u00e7ada de dades amb Grafana: dashboards efectius per a la teva observabilitat - ToBeIT\" \/>\n<meta property=\"og:description\" content=\"En entorns IT moderns, tenir dades no \u00e9s suficient. La clau \u00e9s com es visualitzen per permetre una interpretaci\u00f3 \u00e0gil, detectar anomalies i prendre decisions informades. Aqu\u00ed \u00e9s on entra Grafana, una de les eines m\u00e9s utilitzades per visualitzar dades en projectes d&#8217;observabilitat . En aquest article veurem com dissenyar dashboards realment \u00fatils amb Grafana [&hellip;]\" \/>\n<meta property=\"og:url\" content=\"https:\/\/tobeit.deideasmarketing.solutions\/ca\/visualitzacio-avancada-de-dades-amb-grafana-dashboards-efectius-per-a-la-teva-observabilitat\/\" \/>\n<meta property=\"og:site_name\" content=\"ToBeIT\" \/>\n<meta property=\"article:publisher\" content=\"https:\/\/www.facebook.com\/grupotobeit\" \/>\n<meta property=\"article:published_time\" content=\"2025-10-25T11:36:04+00:00\" \/>\n<meta property=\"og:image\" content=\"https:\/\/tobeit.deideasmarketing.solutions\/\/wp-content\/uploads\/2025\/10\/visualizacion_datos_grafana_dashboards_observabilidad_S.jpg\" \/>\n\t<meta property=\"og:image:width\" content=\"350\" \/>\n\t<meta property=\"og:image:height\" content=\"307\" \/>\n\t<meta property=\"og:image:type\" content=\"image\/jpeg\" \/>\n<meta name=\"author\" content=\"dmtobeit\" \/>\n<meta name=\"twitter:card\" content=\"summary_large_image\" \/>\n<meta name=\"twitter:label1\" content=\"Escrit per\" \/>\n\t<meta name=\"twitter:data1\" content=\"dmtobeit\" \/>\n\t<meta name=\"twitter:label2\" content=\"Temps estimat de lectura\" \/>\n\t<meta name=\"twitter:data2\" content=\"3 minuts\" \/>\n<script type=\"application\/ld+json\" class=\"yoast-schema-graph\">{\"@context\":\"https:\/\/schema.org\",\"@graph\":[{\"@type\":\"WebPage\",\"@id\":\"https:\/\/tobeit.deideasmarketing.solutions\/ca\/visualitzacio-avancada-de-dades-amb-grafana-dashboards-efectius-per-a-la-teva-observabilitat\/\",\"url\":\"https:\/\/tobeit.deideasmarketing.solutions\/ca\/visualitzacio-avancada-de-dades-amb-grafana-dashboards-efectius-per-a-la-teva-observabilitat\/\",\"name\":\"Visualitzaci\u00f3 avan\u00e7ada de dades amb Grafana: dashboards efectius per a la teva observabilitat - ToBeIT\",\"isPartOf\":{\"@id\":\"https:\/\/tobeit.deideasmarketing.solutions\/ca\/#website\"},\"primaryImageOfPage\":{\"@id\":\"https:\/\/tobeit.deideasmarketing.solutions\/ca\/visualitzacio-avancada-de-dades-amb-grafana-dashboards-efectius-per-a-la-teva-observabilitat\/#primaryimage\"},\"image\":{\"@id\":\"https:\/\/tobeit.deideasmarketing.solutions\/ca\/visualitzacio-avancada-de-dades-amb-grafana-dashboards-efectius-per-a-la-teva-observabilitat\/#primaryimage\"},\"thumbnailUrl\":\"https:\/\/tobeit.deideasmarketing.solutions\/\/wp-content\/uploads\/2025\/10\/visualizacion_datos_grafana_dashboards_observabilidad_S.jpg\",\"datePublished\":\"2025-10-25T11:36:04+00:00\",\"author\":{\"@id\":\"https:\/\/tobeit.deideasmarketing.solutions\/ca\/#\/schema\/person\/ab1c5bdfc15031e863642a263051ac1d\"},\"breadcrumb\":{\"@id\":\"https:\/\/tobeit.deideasmarketing.solutions\/ca\/visualitzacio-avancada-de-dades-amb-grafana-dashboards-efectius-per-a-la-teva-observabilitat\/#breadcrumb\"},\"inLanguage\":\"ca\",\"potentialAction\":[{\"@type\":\"ReadAction\",\"target\":[\"https:\/\/tobeit.deideasmarketing.solutions\/ca\/visualitzacio-avancada-de-dades-amb-grafana-dashboards-efectius-per-a-la-teva-observabilitat\/\"]}]},{\"@type\":\"ImageObject\",\"inLanguage\":\"ca\",\"@id\":\"https:\/\/tobeit.deideasmarketing.solutions\/ca\/visualitzacio-avancada-de-dades-amb-grafana-dashboards-efectius-per-a-la-teva-observabilitat\/#primaryimage\",\"url\":\"https:\/\/tobeit.deideasmarketing.solutions\/\/wp-content\/uploads\/2025\/10\/visualizacion_datos_grafana_dashboards_observabilidad_S.jpg\",\"contentUrl\":\"https:\/\/tobeit.deideasmarketing.solutions\/\/wp-content\/uploads\/2025\/10\/visualizacion_datos_grafana_dashboards_observabilidad_S.jpg\",\"width\":350,\"height\":307},{\"@type\":\"BreadcrumbList\",\"@id\":\"https:\/\/tobeit.deideasmarketing.solutions\/ca\/visualitzacio-avancada-de-dades-amb-grafana-dashboards-efectius-per-a-la-teva-observabilitat\/#breadcrumb\",\"itemListElement\":[{\"@type\":\"ListItem\",\"position\":1,\"name\":\"Portada\",\"item\":\"https:\/\/tobeit.deideasmarketing.solutions\/ca\/\"},{\"@type\":\"ListItem\",\"position\":2,\"name\":\"Visualitzaci\u00f3 avan\u00e7ada de dades amb Grafana: dashboards efectius per a la teva observabilitat\"}]},{\"@type\":\"WebSite\",\"@id\":\"https:\/\/tobeit.deideasmarketing.solutions\/ca\/#website\",\"url\":\"https:\/\/tobeit.deideasmarketing.solutions\/ca\/\",\"name\":\"ToBeIT\",\"description\":\"[:es]Servicios de monitorizaci\u00f3n del rendimiento de aplicaciones IT[:en]IT solutions, services and security[:ca]Solucions, serveis i seguretat IT[:]\",\"potentialAction\":[{\"@type\":\"SearchAction\",\"target\":{\"@type\":\"EntryPoint\",\"urlTemplate\":\"https:\/\/tobeit.deideasmarketing.solutions\/ca\/?s={search_term_string}\"},\"query-input\":{\"@type\":\"PropertyValueSpecification\",\"valueRequired\":true,\"valueName\":\"search_term_string\"}}],\"inLanguage\":\"ca\"},{\"@type\":\"Person\",\"@id\":\"https:\/\/tobeit.deideasmarketing.solutions\/ca\/#\/schema\/person\/ab1c5bdfc15031e863642a263051ac1d\",\"name\":\"dmtobeit\",\"image\":{\"@type\":\"ImageObject\",\"inLanguage\":\"ca\",\"@id\":\"https:\/\/tobeit.deideasmarketing.solutions\/ca\/#\/schema\/person\/image\/\",\"url\":\"https:\/\/secure.gravatar.com\/avatar\/8816b27e6a612705997d3f3b3903e8604f7d0b635ed817bda58eb1fc2ca747dd?s=96&d=mm&r=g\",\"contentUrl\":\"https:\/\/secure.gravatar.com\/avatar\/8816b27e6a612705997d3f3b3903e8604f7d0b635ed817bda58eb1fc2ca747dd?s=96&d=mm&r=g\",\"caption\":\"dmtobeit\"},\"url\":\"https:\/\/tobeit.deideasmarketing.solutions\/ca\/author\/dmtobeit\/\"}]}<\/script>\n<!-- \/ Yoast SEO plugin. -->","yoast_head_json":{"title":"Visualitzaci\u00f3 avan\u00e7ada de dades amb Grafana: dashboards efectius per a la teva observabilitat - ToBeIT","robots":{"index":"noindex","follow":"follow","max-snippet":"max-snippet:-1","max-image-preview":"max-image-preview:large","max-video-preview":"max-video-preview:-1"},"og_locale":"ca_ES","og_type":"article","og_title":"Visualitzaci\u00f3 avan\u00e7ada de dades amb Grafana: dashboards efectius per a la teva observabilitat - ToBeIT","og_description":"En entorns IT moderns, tenir dades no \u00e9s suficient. La clau \u00e9s com es visualitzen per permetre una interpretaci\u00f3 \u00e0gil, detectar anomalies i prendre decisions informades. Aqu\u00ed \u00e9s on entra Grafana, una de les eines m\u00e9s utilitzades per visualitzar dades en projectes d&#8217;observabilitat . En aquest article veurem com dissenyar dashboards realment \u00fatils amb Grafana [&hellip;]","og_url":"https:\/\/tobeit.deideasmarketing.solutions\/ca\/visualitzacio-avancada-de-dades-amb-grafana-dashboards-efectius-per-a-la-teva-observabilitat\/","og_site_name":"ToBeIT","article_publisher":"https:\/\/www.facebook.com\/grupotobeit","article_published_time":"2025-10-25T11:36:04+00:00","og_image":[{"width":350,"height":307,"url":"https:\/\/tobeit.deideasmarketing.solutions\/\/wp-content\/uploads\/2025\/10\/visualizacion_datos_grafana_dashboards_observabilidad_S.jpg","type":"image\/jpeg"}],"author":"dmtobeit","twitter_card":"summary_large_image","twitter_misc":{"Escrit per":"dmtobeit","Temps estimat de lectura":"3 minuts"},"schema":{"@context":"https:\/\/schema.org","@graph":[{"@type":"WebPage","@id":"https:\/\/tobeit.deideasmarketing.solutions\/ca\/visualitzacio-avancada-de-dades-amb-grafana-dashboards-efectius-per-a-la-teva-observabilitat\/","url":"https:\/\/tobeit.deideasmarketing.solutions\/ca\/visualitzacio-avancada-de-dades-amb-grafana-dashboards-efectius-per-a-la-teva-observabilitat\/","name":"Visualitzaci\u00f3 avan\u00e7ada de dades amb Grafana: dashboards efectius per a la teva observabilitat - ToBeIT","isPartOf":{"@id":"https:\/\/tobeit.deideasmarketing.solutions\/ca\/#website"},"primaryImageOfPage":{"@id":"https:\/\/tobeit.deideasmarketing.solutions\/ca\/visualitzacio-avancada-de-dades-amb-grafana-dashboards-efectius-per-a-la-teva-observabilitat\/#primaryimage"},"image":{"@id":"https:\/\/tobeit.deideasmarketing.solutions\/ca\/visualitzacio-avancada-de-dades-amb-grafana-dashboards-efectius-per-a-la-teva-observabilitat\/#primaryimage"},"thumbnailUrl":"https:\/\/tobeit.deideasmarketing.solutions\/\/wp-content\/uploads\/2025\/10\/visualizacion_datos_grafana_dashboards_observabilidad_S.jpg","datePublished":"2025-10-25T11:36:04+00:00","author":{"@id":"https:\/\/tobeit.deideasmarketing.solutions\/ca\/#\/schema\/person\/ab1c5bdfc15031e863642a263051ac1d"},"breadcrumb":{"@id":"https:\/\/tobeit.deideasmarketing.solutions\/ca\/visualitzacio-avancada-de-dades-amb-grafana-dashboards-efectius-per-a-la-teva-observabilitat\/#breadcrumb"},"inLanguage":"ca","potentialAction":[{"@type":"ReadAction","target":["https:\/\/tobeit.deideasmarketing.solutions\/ca\/visualitzacio-avancada-de-dades-amb-grafana-dashboards-efectius-per-a-la-teva-observabilitat\/"]}]},{"@type":"ImageObject","inLanguage":"ca","@id":"https:\/\/tobeit.deideasmarketing.solutions\/ca\/visualitzacio-avancada-de-dades-amb-grafana-dashboards-efectius-per-a-la-teva-observabilitat\/#primaryimage","url":"https:\/\/tobeit.deideasmarketing.solutions\/\/wp-content\/uploads\/2025\/10\/visualizacion_datos_grafana_dashboards_observabilidad_S.jpg","contentUrl":"https:\/\/tobeit.deideasmarketing.solutions\/\/wp-content\/uploads\/2025\/10\/visualizacion_datos_grafana_dashboards_observabilidad_S.jpg","width":350,"height":307},{"@type":"BreadcrumbList","@id":"https:\/\/tobeit.deideasmarketing.solutions\/ca\/visualitzacio-avancada-de-dades-amb-grafana-dashboards-efectius-per-a-la-teva-observabilitat\/#breadcrumb","itemListElement":[{"@type":"ListItem","position":1,"name":"Portada","item":"https:\/\/tobeit.deideasmarketing.solutions\/ca\/"},{"@type":"ListItem","position":2,"name":"Visualitzaci\u00f3 avan\u00e7ada de dades amb Grafana: dashboards efectius per a la teva observabilitat"}]},{"@type":"WebSite","@id":"https:\/\/tobeit.deideasmarketing.solutions\/ca\/#website","url":"https:\/\/tobeit.deideasmarketing.solutions\/ca\/","name":"ToBeIT","description":"[:es]Servicios de monitorizaci\u00f3n del rendimiento de aplicaciones IT[:en]IT solutions, services and security[:ca]Solucions, serveis i seguretat IT[:]","potentialAction":[{"@type":"SearchAction","target":{"@type":"EntryPoint","urlTemplate":"https:\/\/tobeit.deideasmarketing.solutions\/ca\/?s={search_term_string}"},"query-input":{"@type":"PropertyValueSpecification","valueRequired":true,"valueName":"search_term_string"}}],"inLanguage":"ca"},{"@type":"Person","@id":"https:\/\/tobeit.deideasmarketing.solutions\/ca\/#\/schema\/person\/ab1c5bdfc15031e863642a263051ac1d","name":"dmtobeit","image":{"@type":"ImageObject","inLanguage":"ca","@id":"https:\/\/tobeit.deideasmarketing.solutions\/ca\/#\/schema\/person\/image\/","url":"https:\/\/secure.gravatar.com\/avatar\/8816b27e6a612705997d3f3b3903e8604f7d0b635ed817bda58eb1fc2ca747dd?s=96&d=mm&r=g","contentUrl":"https:\/\/secure.gravatar.com\/avatar\/8816b27e6a612705997d3f3b3903e8604f7d0b635ed817bda58eb1fc2ca747dd?s=96&d=mm&r=g","caption":"dmtobeit"},"url":"https:\/\/tobeit.deideasmarketing.solutions\/ca\/author\/dmtobeit\/"}]}},"_links":{"self":[{"href":"https:\/\/tobeit.deideasmarketing.solutions\/ca\/wp-json\/wp\/v2\/posts\/15682","targetHints":{"allow":["GET"]}}],"collection":[{"href":"https:\/\/tobeit.deideasmarketing.solutions\/ca\/wp-json\/wp\/v2\/posts"}],"about":[{"href":"https:\/\/tobeit.deideasmarketing.solutions\/ca\/wp-json\/wp\/v2\/types\/post"}],"author":[{"embeddable":true,"href":"https:\/\/tobeit.deideasmarketing.solutions\/ca\/wp-json\/wp\/v2\/users\/1"}],"replies":[{"embeddable":true,"href":"https:\/\/tobeit.deideasmarketing.solutions\/ca\/wp-json\/wp\/v2\/comments?post=15682"}],"version-history":[{"count":2,"href":"https:\/\/tobeit.deideasmarketing.solutions\/ca\/wp-json\/wp\/v2\/posts\/15682\/revisions"}],"predecessor-version":[{"id":15747,"href":"https:\/\/tobeit.deideasmarketing.solutions\/ca\/wp-json\/wp\/v2\/posts\/15682\/revisions\/15747"}],"wp:featuredmedia":[{"embeddable":true,"href":"https:\/\/tobeit.deideasmarketing.solutions\/ca\/wp-json\/wp\/v2\/media\/15665"}],"wp:attachment":[{"href":"https:\/\/tobeit.deideasmarketing.solutions\/ca\/wp-json\/wp\/v2\/media?parent=15682"}],"wp:term":[{"taxonomy":"category","embeddable":true,"href":"https:\/\/tobeit.deideasmarketing.solutions\/ca\/wp-json\/wp\/v2\/categories?post=15682"},{"taxonomy":"post_tag","embeddable":true,"href":"https:\/\/tobeit.deideasmarketing.solutions\/ca\/wp-json\/wp\/v2\/tags?post=15682"}],"curies":[{"name":"wp","href":"https:\/\/api.w.org\/{rel}","templated":true}]}}